{"id":1386,"date":"2024-05-17T09:25:42","date_gmt":"2024-05-17T14:25:42","guid":{"rendered":"https:\/\/lyqauditores.com\/?p=1386"},"modified":"2025-09-16T15:42:35","modified_gmt":"2025-09-16T20:42:35","slug":"boletin-076-24-conoces-los-requisitos-para-acceder-a-la-pension-compartida-entre-conyuges-o-companeros-permanentes","status":"publish","type":"post","link":"https:\/\/lyqauditores.com\/en\/boletin-076-24-conoces-los-requisitos-para-acceder-a-la-pension-compartida-entre-conyuges-o-companeros-permanentes\/","title":{"rendered":"BOLET\u00cdN 076 &#8211; 24 \u00bfCONOCES LOS REQUISITOS PARA ACCEDER A LA PENSI\u00d3N COMPARTIDA ENTRE C\u00d3NYUGES O COMPA\u00d1EROS PERMANENTES?"},"content":{"rendered":"<h2 style=\"text-align: center;\"><img loading=\"lazy\" decoding=\"async\" class=\"alignleft wp-image-566\" src=\"http:\/\/lyqauditores.com\/wp-content\/uploads\/2023\/07\/White-and-Blue-Minimalist-Modern-Business-Company-Newsletter-237x300.png\" alt=\"\" width=\"143\" height=\"181\" srcset=\"https:\/\/lyqauditores.com\/wp-content\/uploads\/2023\/07\/White-and-Blue-Minimalist-Modern-Business-Company-Newsletter-237x300.png 237w, https:\/\/lyqauditores.com\/wp-content\/uploads\/2023\/07\/White-and-Blue-Minimalist-Modern-Business-Company-Newsletter-9x12.png 9w, https:\/\/lyqauditores.com\/wp-content\/uploads\/2023\/07\/White-and-Blue-Minimalist-Modern-Business-Company-Newsletter.png 306w\" sizes=\"auto, (max-width: 143px) 100vw, 143px\" \/><\/h2>\n<h2 style=\"font-weight: 400; text-align: center;\"><strong>\u00bfCONOCES LOS REQUISITOS PARA ACCEDER A LA PENSI\u00d3N COMPARTIDA ENTRE C\u00d3NYUGES O COMPA\u00d1EROS PERMANENTES?<\/strong><\/h2>\n<p>&nbsp;<\/p>\n<hr \/>\n<p>&nbsp;<\/p>\n<p>De acuerdo a la ley 1580 DE 2012 reglamentada por el Decreto 288 de 2014 establece una serie de mecanismos que permite obtener una pensi\u00f3n familiar de vejez o pensi\u00f3n compartida.<\/p>\n<p>Cuando se lleva una vida laboral individual y no se alcanza a reunir el tiempo establecido en la Ley 797 de 2003 art\u00edculo 9\u00b0, se suma el esfuerzo de los c\u00f3nyuges o compa\u00f1eros permanentes para acceder a la pensi\u00f3n compartida equivalente a 1 Salario M\u00ednimo Legal Vigente, teniendo presente los siguientes criterios:<\/p>\n<p>Inicialmente se debe pertenecer al mismo r\u00e9gimen pensionario, ya sea el R\u00e9gimen p\u00fablico o privado y tener las siguientes condiciones.<\/p>\n<p>&nbsp;<\/p>\n<p><strong>R\u00c9GIMEN DE PRIMA MEDIA (P\u00daBLICO)<\/strong><\/p>\n<p>Acreditar que se cuenta con una relaci\u00f3n conyugal o convivencia permanente de m\u00e1s de cinco (5) a\u00f1os.<\/p>\n<p>Que la suma del tiempo cotizado, cumpla con el l\u00edmite correspondiente a las 1.300 semanas.<\/p>\n<p>Cada beneficiario deber\u00e1 haber cotizado antes de los 45 a\u00f1os de edad, el veinticinco (25%) de las semanas requeridas para acceder a una pensi\u00f3n de vejez.<\/p>\n<p>Podr\u00e1n ser beneficiarios de la Pensi\u00f3n Familiar en el R\u00e9gimen de Prima Media, aquellas personas que se encuentren clasificadas en el Sisb\u00e9n en los niveles 1, 2 y\/o en cualquier otro sistema equivalente que dise\u00f1e el Gobierno Nacional.<\/p>\n<p>No haber recibido la indemnizaci\u00f3n constitutiva, cuando se haya cumplido la edad, pero no el tiempo m\u00ednimo de cotizaci\u00f3n requerido.<\/p>\n<p>Si se llegase a presentar el suceso de separaci\u00f3n legal o divorcio entre los c\u00f3nyuges o compa\u00f1eros permanentes beneficiarios de la Pensi\u00f3n Familiar, ya se pierde el derecho de continuar recibiendo esta remuneraci\u00f3n. Si se realizara bajo la modalidad de Renta Vitalicia los ex c\u00f3nyuges tendr\u00e1n derecho a recibir el beneficio mensual, cada uno del 50% del monto que percib\u00edan.<\/p>\n<p>Dado el caso de fallecimiento de uno de los c\u00f3nyuges o compa\u00f1eros permanente, en el suceso de que existan hijos ya sean menores de edad o mayores de edad siempre y cuando sean menores de 25 a\u00f1os, quienes cuenten con dependencia econ\u00f3mica y se encuentren estudiando o con discapacidad, la proporci\u00f3n de la pensi\u00f3n del beneficiario se divide entre la pareja y los hijos, contando cada parte con el 50%. Los hijos en calidad de beneficiarios, si alcanzan la mayor\u00eda de edad, el porcentaje incrementar\u00e1 a la pareja.<\/p>\n<p><strong>\u00a0<\/strong><\/p>\n<p><strong>R\u00c9GIMEN AHORRO INDIVIDUAL CON SOLIDARIDAD (FONDOS PRIVADOS DE PENSIONES)<\/strong><\/p>\n<p>Acreditar que se cuenta con una relaci\u00f3n conyugal o convivencia permanente de m\u00e1s de cinco (5) a\u00f1os.<\/p>\n<p>Estar afiliados en la misma Administradora de Fondos de Pensiones.<\/p>\n<p>No haber recibido la devoluci\u00f3n de saldos, cuando ya se haya cumplido con la edad requerida y no se cuente con el capital suficiente o con las 1.150 semanas cotizadas.<\/p>\n<p>Cuando la acumulaci\u00f3n de capital entre los c\u00f3nyuges o compa\u00f1eros permanentes sea suficiente para solicitar el reconocimiento de la pensi\u00f3n de vejez.<\/p>\n<p>En caso de que el capital sea insuficiente, se sumar\u00e1n las semanas de cotizaci\u00f3n de la pareja para determinar si pueden acceder al Fondo de Garant\u00eda de Pensi\u00f3n M\u00ednima.<\/p>\n<p>En caso de cualquier tipo de separaci\u00f3n legal o divorcio entre los c\u00f3nyuges o compa\u00f1eros permanentes beneficiarios de la Pensi\u00f3n Familiar, se pierde el derecho a recibir esta remuneraci\u00f3n y el saldo que se disponga en la cuenta har\u00e1 parte de la sociedad conyugal para efectos de su reparto.<\/p>\n<p>El fallecimiento de los c\u00f3nyuges o compa\u00f1eros permanentes no cambia el origen, ni el cubrimiento de la prestaci\u00f3n, y en caso de que no existan hijos beneficiarios con derecho, la pensi\u00f3n familiar expira y no aplica a pensi\u00f3n de sobrevivientes.<\/p>\n<p>En conclusi\u00f3n, la Pensi\u00f3n Familiar o Pensi\u00f3n Compartida que rige en Colombia, cuenta con un trasfondo que busca incrementar la cobertura del sistema de pensiones. Esto es altamente importante, dado que, la mayor\u00eda de los colombianos no carecen de los mecanismos de acumulaci\u00f3n de n\u00famero de semanas requeridas para acceder a una pensi\u00f3n de vejez.<\/p>\n<p>&nbsp;<\/p>\n<a class=\"wp1_like_like enabled\" data-id=\"1386\"><i class=\"fa fa-thumbs-up\" aria-hidden=\"true\"><\/i> <span>Me gusta (0)<\/span><\/a>","protected":false},"excerpt":{"rendered":"<p>\u00bfCONOCES LOS REQUISITOS PARA ACCEDER A LA PENSI\u00d3N COMPARTIDA ENTRE C\u00d3NYUGES O COMPA\u00d1EROS PERMANENTES? &nbsp; &nbsp; De acuerdo a la ley 1580 DE 2012 reglamentada por el Decreto 288 de&#8230;<\/p>","protected":false},"author":8,"featured_media":1389,"comment_status":"open","ping_status":"open","sticky":false,"template":"","format":"standard","meta":{"inline_featured_image":false,"footnotes":""},"categories":[13],"tags":[],"class_list":{"0":"post-1386","1":"post","2":"type-post","3":"status-publish","4":"format-standard","5":"has-post-thumbnail","7":"category-departamento-laboral"},"_links":{"self":[{"href":"https:\/\/lyqauditores.com\/en\/wp-json\/wp\/v2\/posts\/1386","targetHints":{"allow":["GET"]}}],"collection":[{"href":"https:\/\/lyqauditores.com\/en\/wp-json\/wp\/v2\/posts"}],"about":[{"href":"https:\/\/lyqauditores.com\/en\/wp-json\/wp\/v2\/types\/post"}],"author":[{"embeddable":true,"href":"https:\/\/lyqauditores.com\/en\/wp-json\/wp\/v2\/users\/8"}],"replies":[{"embeddable":true,"href":"https:\/\/lyqauditores.com\/en\/wp-json\/wp\/v2\/comments?post=1386"}],"version-history":[{"count":2,"href":"https:\/\/lyqauditores.com\/en\/wp-json\/wp\/v2\/posts\/1386\/revisions"}],"predecessor-version":[{"id":1388,"href":"https:\/\/lyqauditores.com\/en\/wp-json\/wp\/v2\/posts\/1386\/revisions\/1388"}],"wp:featuredmedia":[{"embeddable":true,"href":"https:\/\/lyqauditores.com\/en\/wp-json\/wp\/v2\/media\/1389"}],"wp:attachment":[{"href":"https:\/\/lyqauditores.com\/en\/wp-json\/wp\/v2\/media?parent=1386"}],"wp:term":[{"taxonomy":"category","embeddable":true,"href":"https:\/\/lyqauditores.com\/en\/wp-json\/wp\/v2\/categories?post=1386"},{"taxonomy":"post_tag","embeddable":true,"href":"https:\/\/lyqauditores.com\/en\/wp-json\/wp\/v2\/tags?post=1386"}],"curies":[{"name":"wp","href":"https:\/\/api.w.org\/{rel}","templated":true}]}}